{"id":4964,"date":"2018-07-03T09:39:29","date_gmt":"2018-07-03T07:39:29","guid":{"rendered":"https:\/\/www.fussball-fragen.de\/?p=4964"},"modified":"2018-07-03T09:40:24","modified_gmt":"2018-07-03T07:40:24","slug":"welcher-bundesligaverein-hat-keine-wm-2018-teilnehmer","status":"publish","type":"post","link":"https:\/\/www.fussball-fragen.de\/index.php\/weltmeisterschaft\/welcher-bundesligaverein-hat-keine-wm-2018-teilnehmer\/","title":{"rendered":"Welcher Bundesligaverein hat keine WM Teilnehmer?"},"content":{"rendered":"<p><strong>Frage:<\/strong><\/p>\n<p>Welcher Bundesligaverein hat keine Teilnehmer der WM 2018 in seinem Kader?<\/p>\n<p><strong>Antwort:<\/strong><\/p>\n<p>Wir haben recherchiert, zu <a href=\"https:\/\/www.fussball-fragen.de\/index.php\/weltmeisterschaft\/welcher-verein-stellt-die-meisten-spieler-bei-der-wm-2018\/\">Beginn der WM 2018 gab es nur einen Verein<\/a>, der keine WM-Teilnehmer in seinem Kader hatte. Das war der SC Freiburg. Z\u00e4hlt man die Aufsteiger in die 1. Bundesliga mit, k\u00e4me mit dem 1.FC N\u00fcrnberg noch ein zweiter Verein hinzu.<\/p>\n","protected":false},"excerpt":{"rendered":"<p>Frage: Welcher Bundesligaverein hat keine Teilnehmer der WM 2018 in seinem Kader? Antwort: Wir haben recherchiert, zu Beginn der WM 2018 gab es nur einen Verein, der keine WM-Teilnehmer in seinem Kader&#8230;<\/p>\n","protected":false},"author":1,"featured_media":0,"comment_status":"open","ping_status":"open","sticky":false,"template":"","format":"standard","meta":{"footnotes":""},"categories":[5],"tags":[1251,288,1255,87,1253,17,1515],"aioseo_notices":[],"views":926,"_links":{"self":[{"href":"https:\/\/www.fussball-fragen.de\/index.php\/wp-json\/wp\/v2\/posts\/4964"}],"collection":[{"href":"https:\/\/www.fussball-fragen.de\/index.php\/wp-json\/wp\/v2\/posts"}],"about":[{"href":"https:\/\/www.fussball-fragen.de\/index.php\/wp-json\/wp\/v2\/types\/post"}],"author":[{"embeddable":true,"href":"https:\/\/www.fussball-fragen.de\/index.php\/wp-json\/wp\/v2\/users\/1"}],"replies":[{"embeddable":true,"href":"https:\/\/www.fussball-fragen.de\/index.php\/wp-json\/wp\/v2\/comments?post=4964"}],"version-history":[{"count":2,"href":"https:\/\/www.fussball-fragen.de\/index.php\/wp-json\/wp\/v2\/posts\/4964\/revisions"}],"predecessor-version":[{"id":4966,"href":"https:\/\/www.fussball-fragen.de\/index.php\/wp-json\/wp\/v2\/posts\/4964\/revisions\/4966"}],"wp:attachment":[{"href":"https:\/\/www.fussball-fragen.de\/index.php\/wp-json\/wp\/v2\/media?parent=4964"}],"wp:term":[{"taxonomy":"category","embeddable":true,"href":"https:\/\/www.fussball-fragen.de\/index.php\/wp-json\/wp\/v2\/categories?post=4964"},{"taxonomy":"post_tag","embeddable":true,"href":"https:\/\/www.fussball-fragen.de\/index.php\/wp-json\/wp\/v2\/tags?post=4964"}],"curies":[{"name":"wp","href":"https:\/\/api.w.org\/{rel}","templated":true}]}}