{"id":1888,"date":"2013-10-03T09:11:46","date_gmt":"2013-10-03T07:11:46","guid":{"rendered":"http:\/\/www.fussball-fragen.de\/?p=1888"},"modified":"2013-10-07T15:13:53","modified_gmt":"2013-10-07T13:13:53","slug":"wer-wurde-1996-europaeischer-fussballer-des-jahres","status":"publish","type":"post","link":"https:\/\/www.fussball-fragen.de\/index.php\/international\/wer-wurde-1996-europaeischer-fussballer-des-jahres\/","title":{"rendered":"Wer wurde 1996 europ\u00e4ischer Fu\u00dfballer des Jahres?"},"content":{"rendered":"<p><strong>Frage:<\/strong><\/p>\n<p>Wer wurde 1996 europ\u00e4ischer Fu\u00dfballer des Jahres?<\/p>\n<p><strong>Antwort:<\/strong><\/p>\n<p>Matthias Sammer von Borussia Dortmund.<\/p>\n<p>Quelle: <a href=\"http:\/\/www.eurofussballarchiv.de\/international\/europas-fussballer-des-jahres\/\" target=\"_blank\">Europas Fu\u00dfballer des Jahres<\/a><\/p>\n","protected":false},"excerpt":{"rendered":"<p>Frage: Wer wurde 1996 europ\u00e4ischer Fu\u00dfballer des Jahres? Antwort: Matthias Sammer von Borussia Dortmund. Quelle: Europas Fu\u00dfballer des Jahres<\/p>\n","protected":false},"author":1,"featured_media":0,"comment_status":"open","ping_status":"open","sticky":false,"template":"","format":"standard","meta":{"footnotes":""},"categories":[7],"tags":[97,762,761],"aioseo_notices":[],"views":1795,"_links":{"self":[{"href":"https:\/\/www.fussball-fragen.de\/index.php\/wp-json\/wp\/v2\/posts\/1888"}],"collection":[{"href":"https:\/\/www.fussball-fragen.de\/index.php\/wp-json\/wp\/v2\/posts"}],"about":[{"href":"https:\/\/www.fussball-fragen.de\/index.php\/wp-json\/wp\/v2\/types\/post"}],"author":[{"embeddable":true,"href":"https:\/\/www.fussball-fragen.de\/index.php\/wp-json\/wp\/v2\/users\/1"}],"replies":[{"embeddable":true,"href":"https:\/\/www.fussball-fragen.de\/index.php\/wp-json\/wp\/v2\/comments?post=1888"}],"version-history":[{"count":1,"href":"https:\/\/www.fussball-fragen.de\/index.php\/wp-json\/wp\/v2\/posts\/1888\/revisions"}],"predecessor-version":[{"id":1889,"href":"https:\/\/www.fussball-fragen.de\/index.php\/wp-json\/wp\/v2\/posts\/1888\/revisions\/1889"}],"wp:attachment":[{"href":"https:\/\/www.fussball-fragen.de\/index.php\/wp-json\/wp\/v2\/media?parent=1888"}],"wp:term":[{"taxonomy":"category","embeddable":true,"href":"https:\/\/www.fussball-fragen.de\/index.php\/wp-json\/wp\/v2\/categories?post=1888"},{"taxonomy":"post_tag","embeddable":true,"href":"https:\/\/www.fussball-fragen.de\/index.php\/wp-json\/wp\/v2\/tags?post=1888"}],"curies":[{"name":"wp","href":"https:\/\/api.w.org\/{rel}","templated":true}]}}