{"id":1492,"date":"2013-07-18T17:13:21","date_gmt":"2013-07-18T16:13:21","guid":{"rendered":"http:\/\/www.fussball-fragen.de\/?p=1492"},"modified":"2021-02-28T13:20:06","modified_gmt":"2021-02-28T12:20:06","slug":"wie-heisst-der-trainer-von-werder-bremen","status":"publish","type":"post","link":"https:\/\/www.fussball-fragen.de\/index.php\/deutschland\/wie-heisst-der-trainer-von-werder-bremen\/","title":{"rendered":"Wie hei\u00dft der Trainer von Werder Bremen?"},"content":{"rendered":"<p><strong>Frage:<\/strong><\/p>\n<p>Wie hei\u00dft der Trainer von Werder Bremen?<\/p>\n<p><strong>Antwort:<\/strong><\/p>\n<p>Seit dem 1. Juni betreut Robin Dutt die Mannschaft von Werder Bremen. Er l\u00f6st Interimstrainer Wolfgang Rolff ab, der nach dem Abgang von Thomas Schaaf am 15. Mai den Trainerposten vor\u00fcbergehend \u00fcbernommen hatte.<\/p>\n<p><strong>Update: <\/strong><a href=\"https:\/\/www.fussball-fragen.de\/index.php\/deutschland\/wie-heisst-der-trainer-von-werder-bremen\/#comments\">Siehe Kommentar<\/a><\/p>\n","protected":false},"excerpt":{"rendered":"<p>Frage: Wie hei\u00dft der Trainer von Werder Bremen? Antwort: Seit dem 1. Juni betreut Robin Dutt die Mannschaft von Werder Bremen. Er l\u00f6st Interimstrainer Wolfgang Rolff ab, der nach dem Abgang von&#8230;<\/p>\n","protected":false},"author":1,"featured_media":0,"comment_status":"open","ping_status":"open","sticky":false,"template":"","format":"standard","meta":{"footnotes":""},"categories":[6],"tags":[1784,619,621,100,101,105,35,620],"aioseo_notices":[],"views":2350,"_links":{"self":[{"href":"https:\/\/www.fussball-fragen.de\/index.php\/wp-json\/wp\/v2\/posts\/1492"}],"collection":[{"href":"https:\/\/www.fussball-fragen.de\/index.php\/wp-json\/wp\/v2\/posts"}],"about":[{"href":"https:\/\/www.fussball-fragen.de\/index.php\/wp-json\/wp\/v2\/types\/post"}],"author":[{"embeddable":true,"href":"https:\/\/www.fussball-fragen.de\/index.php\/wp-json\/wp\/v2\/users\/1"}],"replies":[{"embeddable":true,"href":"https:\/\/www.fussball-fragen.de\/index.php\/wp-json\/wp\/v2\/comments?post=1492"}],"version-history":[{"count":2,"href":"https:\/\/www.fussball-fragen.de\/index.php\/wp-json\/wp\/v2\/posts\/1492\/revisions"}],"predecessor-version":[{"id":5796,"href":"https:\/\/www.fussball-fragen.de\/index.php\/wp-json\/wp\/v2\/posts\/1492\/revisions\/5796"}],"wp:attachment":[{"href":"https:\/\/www.fussball-fragen.de\/index.php\/wp-json\/wp\/v2\/media?parent=1492"}],"wp:term":[{"taxonomy":"category","embeddable":true,"href":"https:\/\/www.fussball-fragen.de\/index.php\/wp-json\/wp\/v2\/categories?post=1492"},{"taxonomy":"post_tag","embeddable":true,"href":"https:\/\/www.fussball-fragen.de\/index.php\/wp-json\/wp\/v2\/tags?post=1492"}],"curies":[{"name":"wp","href":"https:\/\/api.w.org\/{rel}","templated":true}]}}